{"id":1861,"date":"2016-04-11T15:00:39","date_gmt":"2016-04-11T13:00:39","guid":{"rendered":"http:\/\/lisewulff.com\/wordpress\/?p=1861"},"modified":"2016-05-02T15:49:58","modified_gmt":"2016-05-02T13:49:58","slug":"go-skiing-to-the-vernissage","status":"publish","type":"post","link":"https:\/\/lisewulff.com\/wordpress\/archives\/1861","title":{"rendered":"Go skiing to the vernissage! St\u00e5 p\u00e5 ski til vernissage!"},"content":{"rendered":"<p>Velkommen til \u00e5pning av verket &#8220;Woven Stone&#8221;, i Hemsedal, l\u00f8rdag 23. april kl. 13.00! Kristin Krohn Devold st\u00e5r for \u00e5pningen. Du finner frem ved \u00e5 ta Tindenheisen opp, da svever du like over verket. Vi skilter vei fra toppen av bakken og ned.<br \/>\n<em>\u00a0<a href=\"https:\/\/lisewulff.com\/wordpress\/wp-content\/uploads\/2016\/04\/Stone-Hemsedal.jpg\" rel=\"attachment wp-att-1851\"><img loading=\"lazy\" decoding=\"async\" class=\"alignnone size-large wp-image-1851\" src=\"https:\/\/lisewulff.com\/wordpress\/wp-content\/uploads\/2016\/04\/Stone-Hemsedal-1024x768.jpg\" alt=\"Stone Hemsedal\" width=\"960\" height=\"720\" srcset=\"https:\/\/lisewulff.com\/wordpress\/wp-content\/uploads\/2016\/04\/Stone-Hemsedal-1024x768.jpg 1024w, https:\/\/lisewulff.com\/wordpress\/wp-content\/uploads\/2016\/04\/Stone-Hemsedal-300x225.jpg 300w, https:\/\/lisewulff.com\/wordpress\/wp-content\/uploads\/2016\/04\/Stone-Hemsedal-768x576.jpg 768w, https:\/\/lisewulff.com\/wordpress\/wp-content\/uploads\/2016\/04\/Stone-Hemsedal-800x600.jpg 800w, https:\/\/lisewulff.com\/wordpress\/wp-content\/uploads\/2016\/04\/Stone-Hemsedal-500x375.jpg 500w\" sizes=\"auto, (max-width: 960px) 100vw, 960px\" \/><\/a><\/em><\/p>\n<p><a href=\"https:\/\/lisewulff.com\/wordpress\/archives\/1849\">Info in English &gt;&gt;&gt;<\/a><\/p>\n<p>Woven Stone er et milj\u00f8relatert kunstprosjekt ved billdekunstner Lise Wulff. Det knytter b\u00e5nd mellom natur og kultur, mellom fortid og fremtid. Videre skapes et nytt sted, et nytt turm\u00e5l, og en identitetsmark\u00f8r. Kunstprosjektet gjennomf\u00f8res i samarbeid med <a href=\"http:\/\/www.hemsedal.com\" target=\"_blank\">Destination Hemsedal<\/a>.<\/p>\n<blockquote><p>Verket innvies l\u00f8rdag 23. april kl. 13 av Kristin Krohn Devold. Publikum inviteres til \u00e5 st\u00e5 p\u00e5 ski til vernissagen.<\/p><\/blockquote>\n<p>&nbsp;<\/p>\n<p>En stor og mektig stein ligger godt synlig i fjellet under Tindentoppen. Omr\u00e5det er vakkert og vilt, samtidig temmet av mennesker gjennom heisanlegg og bakker. N\u00e5r du sitter i Tindenheisen svever du like over steinen, og mange har nok lagt merke til den majestetiske formen som ligger der tilsynelatende p\u00e5 vippen, p\u00e5 kanten av en fjellknaus.<\/p>\n<p><a href=\"https:\/\/lisewulff.com\/wordpress\/wp-content\/uploads\/2016\/04\/DSC00202-kopi.jpg\" rel=\"attachment wp-att-1875\"><img loading=\"lazy\" decoding=\"async\" class=\"alignnone size-large wp-image-1875\" src=\"https:\/\/lisewulff.com\/wordpress\/wp-content\/uploads\/2016\/04\/DSC00202-kopi-1024x683.jpg\" alt=\"DSC00202-kopi\" width=\"960\" height=\"640\" srcset=\"https:\/\/lisewulff.com\/wordpress\/wp-content\/uploads\/2016\/04\/DSC00202-kopi-1024x683.jpg 1024w, https:\/\/lisewulff.com\/wordpress\/wp-content\/uploads\/2016\/04\/DSC00202-kopi-300x200.jpg 300w, https:\/\/lisewulff.com\/wordpress\/wp-content\/uploads\/2016\/04\/DSC00202-kopi-768x512.jpg 768w, https:\/\/lisewulff.com\/wordpress\/wp-content\/uploads\/2016\/04\/DSC00202-kopi-800x533.jpg 800w, https:\/\/lisewulff.com\/wordpress\/wp-content\/uploads\/2016\/04\/DSC00202-kopi-500x333.jpg 500w\" sizes=\"auto, (max-width: 960px) 100vw, 960px\" \/><\/a><\/p>\n<p>&nbsp;<\/p>\n<p>Et nett av garn hekles sammen og festes rundt steinen. Garnets farge er syrlig lysegr\u00f8nn, den samme fargen som den lyseste mosen p\u00e5 steinen. Verket er tempor\u00e6rt, fortrinnsvis et \u00e5r eller to, og vil deretter demonteres. Verket vil dokumenteres jevnlig gjennom skiftende v\u00e6r og \u00e5rstider.<\/p>\n<p><a href=\"https:\/\/lisewulff.com\/wordpress\/wp-content\/uploads\/2016\/04\/Test-garn_Foto-Lise-Wulff.jpg\" rel=\"attachment wp-att-1865\"><img loading=\"lazy\" decoding=\"async\" class=\"alignnone size-large wp-image-1865\" src=\"https:\/\/lisewulff.com\/wordpress\/wp-content\/uploads\/2016\/04\/Test-garn_Foto-Lise-Wulff-1024x1024.jpg\" alt=\"Test garn_Foto Lise Wulff\" width=\"960\" height=\"960\" srcset=\"https:\/\/lisewulff.com\/wordpress\/wp-content\/uploads\/2016\/04\/Test-garn_Foto-Lise-Wulff-1024x1024.jpg 1024w, https:\/\/lisewulff.com\/wordpress\/wp-content\/uploads\/2016\/04\/Test-garn_Foto-Lise-Wulff-150x150.jpg 150w, https:\/\/lisewulff.com\/wordpress\/wp-content\/uploads\/2016\/04\/Test-garn_Foto-Lise-Wulff-300x300.jpg 300w, https:\/\/lisewulff.com\/wordpress\/wp-content\/uploads\/2016\/04\/Test-garn_Foto-Lise-Wulff-768x768.jpg 768w, https:\/\/lisewulff.com\/wordpress\/wp-content\/uploads\/2016\/04\/Test-garn_Foto-Lise-Wulff-800x800.jpg 800w, https:\/\/lisewulff.com\/wordpress\/wp-content\/uploads\/2016\/04\/Test-garn_Foto-Lise-Wulff-500x500.jpg 500w\" sizes=\"auto, (max-width: 960px) 100vw, 960px\" \/><\/a><em>Test av garnfarge. Garnet er\u00a0kortreist &#8211; fra Hillesv\u00e5g Ullvarefabrikk<\/em><\/p>\n<p>En stein kledd med garn vil overraske og skape nysgjerrighet. Fra avstand ser det ut som en stein med en uvant fargetone. P\u00e5 n\u00e6rt hold ser man hva som gir farge, og man ser steinen gjennom nettet. Dette kan gi tanker rundt det \u00e5 v\u00e6re fanget vs det \u00e5 v\u00e6re beskyttet. Begge tolkningsm\u00e5ter kan relateres til v\u00e5r behandling av naturen; Vi tvinger og presser og holder fanget. Samtidig som vi m\u00e5 ta vare p\u00e5 naturen p\u00e5 en mer omfattende og bedre m\u00e5te enn i dag.<\/p>\n<p>Verket knytter b\u00e5nd mellom n\u00e5tid, fortid og fremtid. I generasjoner har kj\u00e6rlige hender spunnet og vevd, heklet og strikket, for \u00e5 lage varmende kl\u00e6r til barn og voksne. Naturen trenger den samme omtanke fra oss. Prosjektet skaper bevissthet og refleksjon rundt dette. Fremtidige genereasjoner blir sterkt p\u00e5virket av v\u00e5re handlinger i dag, og ved \u00e5 vise omtanke for naturen knyttes positive b\u00e5nd inn i fremtiden.<\/p>\n<blockquote><p>Alle er velkomne til \u00e5 dele egne foto og tanker p\u00e5 Instagram #WovenStone @lisewulff #hemsedalcom<\/p>\n<p><em>Lise Wulff<\/em><\/p><\/blockquote>\n","protected":false},"excerpt":{"rendered":"<p>Velkommen til \u00e5pning av verket &#8220;Woven Stone&#8221;, i Hemsedal, l\u00f8rdag 23. april kl. 13.00! Kristin Krohn Devold st\u00e5r for \u00e5pningen. Du finner frem ved \u00e5 ta Tindenheisen opp, da svever du like over verket. Vi skilter vei fra toppen av bakken og ned. \u00a0 Info in English &gt;&gt;&gt; Woven Stone er et milj\u00f8relatert kunstprosjekt ved billdekunstner Lise Wulff. Det knytter b\u00e5nd mellom natur og kultur, mellom fortid og fremtid. Videre skapes et nytt sted, et nytt turm\u00e5l, og en identitetsmark\u00f8r. Kunstprosjektet gjennomf\u00f8res i samarbeid med Destination Hemsedal. Verket innvies l\u00f8rdag 23. april kl. 13 av Kristin Krohn Devold. Publikum inviteres [&hellip;]<\/p>\n","protected":false},"author":1,"featured_media":1863,"comment_status":"closed","ping_status":"open","sticky":false,"template":"","format":"standard","meta":{"footnotes":""},"categories":[40,37],"tags":[],"class_list":["post-1861","post","type-post","status-publish","format-standard","has-post-thumbnail","hentry","category-ecoart","category-exhibition"],"_links":{"self":[{"href":"https:\/\/lisewulff.com\/wordpress\/wp-json\/wp\/v2\/posts\/1861","targetHints":{"allow":["GET"]}}],"collection":[{"href":"https:\/\/lisewulff.com\/wordpress\/wp-json\/wp\/v2\/posts"}],"about":[{"href":"https:\/\/lisewulff.com\/wordpress\/wp-json\/wp\/v2\/types\/post"}],"author":[{"embeddable":true,"href":"https:\/\/lisewulff.com\/wordpress\/wp-json\/wp\/v2\/users\/1"}],"replies":[{"embeddable":true,"href":"https:\/\/lisewulff.com\/wordpress\/wp-json\/wp\/v2\/comments?post=1861"}],"version-history":[{"count":13,"href":"https:\/\/lisewulff.com\/wordpress\/wp-json\/wp\/v2\/posts\/1861\/revisions"}],"predecessor-version":[{"id":1877,"href":"https:\/\/lisewulff.com\/wordpress\/wp-json\/wp\/v2\/posts\/1861\/revisions\/1877"}],"wp:featuredmedia":[{"embeddable":true,"href":"https:\/\/lisewulff.com\/wordpress\/wp-json\/wp\/v2\/media\/1863"}],"wp:attachment":[{"href":"https:\/\/lisewulff.com\/wordpress\/wp-json\/wp\/v2\/media?parent=1861"}],"wp:term":[{"taxonomy":"category","embeddable":true,"href":"https:\/\/lisewulff.com\/wordpress\/wp-json\/wp\/v2\/categories?post=1861"},{"taxonomy":"post_tag","embeddable":true,"href":"https:\/\/lisewulff.com\/wordpress\/wp-json\/wp\/v2\/tags?post=1861"}],"curies":[{"name":"wp","href":"https:\/\/api.w.org\/{rel}","templated":true}]}}