{"id":2129,"date":"2016-11-12T23:46:58","date_gmt":"2016-11-12T22:46:58","guid":{"rendered":"http:\/\/lisewulff.com\/wordpress\/?p=2129"},"modified":"2017-02-28T11:44:50","modified_gmt":"2017-02-28T10:44:50","slug":"lise-wulff-receives-art-prize","status":"publish","type":"post","link":"https:\/\/lisewulff.com\/wordpress\/archives\/2129","title":{"rendered":"Lise Wulff receives art prize"},"content":{"rendered":"<p>The Art Prize of the Municipality of B\u00e6rum 2016 was given to Lise Wulff for her land art project &#8220;Some Day I&#8217;ll go my Own Way&#8221;, during the opening of the exhibition &#8220;Borders and Boundaries&#8221; in B\u00e6rum Kunsthall.<\/p>\n<p>The jury consisted of Ana Maria Bresciani, curator at Henie Onstad Kunstsenter, Berit Inger \u00d8en, head of culture in the municipality, Bitte Skage, B\u00e6rum kommune&#8217;s advisor for art and culture, and Wenche Berg-Olsen from MIK.<\/p>\n<p>The jury&#8217;s statement (Norwegian):<\/p>\n<blockquote><p>Verket juryen har valgt fanger opp b\u00e5de det \u00e5 v\u00e6re en del av et system \u2013 innenfor gitte grenser \u2013 og det \u00e5 v\u00e6re grensesprengende. V\u00e5re refleksjoner var betydningen av et trygt fundament, hva friheten er tuftet p\u00e5, hindringer og drivkraften som gj\u00f8r at grenser sprenges og utviklingen finner nye veier med tiden til hjelp.<\/p>\n<p>Juryen fant mange aktuelle bidrag i en inviterende og inspirerende utstilling, og konkluderte med et verk som viser naturens overlevelsestrang i m\u00f8tet med menneskets inngripen. Naturen er v\u00e5rt livsgrunnlag og vi trenger b\u00e5de et fundament for trygghet og frihetens muligheter \u2013 det gj\u00f8r ogs\u00e5 treet som en del av \u00f8kosystemet og som en metafor for v\u00e5r situasjon. Verket er en dokumentasjon av et land artprosjekt ,eller stedskunst, der kunsten ikke plasseres i landskapet som et fremmedelement, men skapes i samspill med naturkreftene.<\/p>\n<p>B\u00e6rum kommunes kunstpris for 2016 g\u00e5r til Lise Wulff for &#8220;Some day I\u2019ll go my own way (Year 1 vs. Year 5)&#8221;.<\/p><\/blockquote>\n<p><a href=\"https:\/\/lisewulff.com\/wordpress\/wp-content\/uploads\/2016\/11\/IMG_9192.jpg\"><img loading=\"lazy\" decoding=\"async\" class=\"alignnone size-large wp-image-2134\" src=\"https:\/\/lisewulff.com\/wordpress\/wp-content\/uploads\/2016\/11\/IMG_9192-1024x768.jpg\" alt=\"IMG_9192\" width=\"960\" height=\"720\" srcset=\"https:\/\/lisewulff.com\/wordpress\/wp-content\/uploads\/2016\/11\/IMG_9192-1024x768.jpg 1024w, https:\/\/lisewulff.com\/wordpress\/wp-content\/uploads\/2016\/11\/IMG_9192-300x225.jpg 300w, https:\/\/lisewulff.com\/wordpress\/wp-content\/uploads\/2016\/11\/IMG_9192-768x576.jpg 768w, https:\/\/lisewulff.com\/wordpress\/wp-content\/uploads\/2016\/11\/IMG_9192-800x600.jpg 800w, https:\/\/lisewulff.com\/wordpress\/wp-content\/uploads\/2016\/11\/IMG_9192-500x375.jpg 500w\" sizes=\"auto, (max-width: 960px) 100vw, 960px\" \/><\/a><\/p>\n<p>&nbsp;<\/p>\n","protected":false},"excerpt":{"rendered":"<p>The Art Prize of the Municipality of B\u00e6rum 2016 was given to Lise Wulff for her land art project &#8220;Some Day I&#8217;ll go my Own Way&#8221;, during the opening of the exhibition &#8220;Borders and Boundaries&#8221; in B\u00e6rum Kunsthall. The jury consisted of Ana Maria Bresciani, curator at Henie Onstad Kunstsenter, Berit Inger \u00d8en, head of culture in the municipality, Bitte Skage, B\u00e6rum kommune&#8217;s advisor for art and culture, and Wenche Berg-Olsen from MIK. The jury&#8217;s statement (Norwegian): Verket juryen har valgt fanger opp b\u00e5de det \u00e5 v\u00e6re en del av et system \u2013 innenfor gitte grenser \u2013 og det \u00e5 [&hellip;]<\/p>\n","protected":false},"author":1,"featured_media":2130,"comment_status":"closed","ping_status":"open","sticky":false,"template":"","format":"standard","meta":{"footnotes":""},"categories":[40,19],"tags":[],"class_list":["post-2129","post","type-post","status-publish","format-standard","has-post-thumbnail","hentry","category-ecoart","category-press"],"_links":{"self":[{"href":"https:\/\/lisewulff.com\/wordpress\/wp-json\/wp\/v2\/posts\/2129","targetHints":{"allow":["GET"]}}],"collection":[{"href":"https:\/\/lisewulff.com\/wordpress\/wp-json\/wp\/v2\/posts"}],"about":[{"href":"https:\/\/lisewulff.com\/wordpress\/wp-json\/wp\/v2\/types\/post"}],"author":[{"embeddable":true,"href":"https:\/\/lisewulff.com\/wordpress\/wp-json\/wp\/v2\/users\/1"}],"replies":[{"embeddable":true,"href":"https:\/\/lisewulff.com\/wordpress\/wp-json\/wp\/v2\/comments?post=2129"}],"version-history":[{"count":5,"href":"https:\/\/lisewulff.com\/wordpress\/wp-json\/wp\/v2\/posts\/2129\/revisions"}],"predecessor-version":[{"id":2136,"href":"https:\/\/lisewulff.com\/wordpress\/wp-json\/wp\/v2\/posts\/2129\/revisions\/2136"}],"wp:featuredmedia":[{"embeddable":true,"href":"https:\/\/lisewulff.com\/wordpress\/wp-json\/wp\/v2\/media\/2130"}],"wp:attachment":[{"href":"https:\/\/lisewulff.com\/wordpress\/wp-json\/wp\/v2\/media?parent=2129"}],"wp:term":[{"taxonomy":"category","embeddable":true,"href":"https:\/\/lisewulff.com\/wordpress\/wp-json\/wp\/v2\/categories?post=2129"},{"taxonomy":"post_tag","embeddable":true,"href":"https:\/\/lisewulff.com\/wordpress\/wp-json\/wp\/v2\/tags?post=2129"}],"curies":[{"name":"wp","href":"https:\/\/api.w.org\/{rel}","templated":true}]}}